{"id":993,"date":"2020-06-09T01:24:56","date_gmt":"2020-06-09T01:24:56","guid":{"rendered":"https:\/\/camaracaxambu.mg.gov.br\/v2\/?p=993"},"modified":"2022-03-10T01:25:28","modified_gmt":"2022-03-10T01:25:28","slug":"requerimentos-respondidos-pelo-executivo-32","status":"publish","type":"post","link":"https:\/\/camaracaxambu.mg.gov.br\/v2\/requerimentos-respondidos-pelo-executivo-32\/","title":{"rendered":"Requerimentos respondidos pelo Executivo"},"content":{"rendered":"<p><strong>Vereador J\u00falio Nogueira (J\u00falio da Corneta \u2013 PSDB)<\/strong><\/p>\n<p><strong>\u00a0<\/strong><strong>\u00a0\u00a0\u00a0\u00a0\u00a0\u00a0\u00a0\u00a0 Hospital<\/strong><\/p>\n<p><strong>\u00a0<\/strong><strong>\u00a0\u00a0\u00a0\u00a0\u00a0\u00a0\u00a0\u00a0\u00a0<\/strong>\u2013 Solicitou informa\u00e7\u00f5es sobre o Hospital. Perguntou o valor da remunera\u00e7\u00e3o bruta do \u00faltimo diretor Administrativo do Hospital, que antecedeu a atual diretora; se o cargo de diretor hospitalar est\u00e1 submetido a alguma classe de representa\u00e7\u00e3o sindical; se a contrapresta\u00e7\u00e3o paga a atual diretora corresponde apenas a sal\u00e1rio ou remunera\u00e7\u00e3o; e quais os crit\u00e9rios utilizados para a fixa\u00e7\u00e3o do sal\u00e1rio informado.<\/p>\n<p><em>Executivo: O requerimento foi encaminhado \u00e0 Associa\u00e7\u00e3o Caxambuense Pr\u00f3-Sa\u00fade (ACAPS) no dia 28 de fevereiro e informamos que at\u00e9 o dia 28 de maio n\u00e3o recebemos resposta.<\/em><\/p>\n","protected":false},"excerpt":{"rendered":"<p>Vereador J\u00falio Nogueira (J\u00falio da Corneta \u2013 PSDB) \u00a0\u00a0\u00a0\u00a0\u00a0\u00a0\u00a0\u00a0\u00a0 Hospital \u00a0\u00a0\u00a0\u00a0\u00a0\u00a0\u00a0\u00a0\u00a0\u00a0\u2013 Solicitou informa\u00e7\u00f5es sobre o Hospital. Perguntou o valor da remunera\u00e7\u00e3o bruta do \u00faltimo diretor Administrativo do Hospital, que antecedeu a atual diretora; se o cargo de diretor hospitalar est\u00e1 submetido a alguma classe de representa\u00e7\u00e3o sindical; se a contrapresta\u00e7\u00e3o paga a atual diretora corresponde [&hellip;]<\/p>\n","protected":false},"author":1,"featured_media":0,"comment_status":"closed","ping_status":"open","sticky":false,"template":"","format":"standard","meta":[],"categories":[31,44],"tags":[],"_links":{"self":[{"href":"https:\/\/camaracaxambu.mg.gov.br\/v2\/wp-json\/wp\/v2\/posts\/993"}],"collection":[{"href":"https:\/\/camaracaxambu.mg.gov.br\/v2\/wp-json\/wp\/v2\/posts"}],"about":[{"href":"https:\/\/camaracaxambu.mg.gov.br\/v2\/wp-json\/wp\/v2\/types\/post"}],"author":[{"embeddable":true,"href":"https:\/\/camaracaxambu.mg.gov.br\/v2\/wp-json\/wp\/v2\/users\/1"}],"replies":[{"embeddable":true,"href":"https:\/\/camaracaxambu.mg.gov.br\/v2\/wp-json\/wp\/v2\/comments?post=993"}],"version-history":[{"count":1,"href":"https:\/\/camaracaxambu.mg.gov.br\/v2\/wp-json\/wp\/v2\/posts\/993\/revisions"}],"predecessor-version":[{"id":994,"href":"https:\/\/camaracaxambu.mg.gov.br\/v2\/wp-json\/wp\/v2\/posts\/993\/revisions\/994"}],"wp:attachment":[{"href":"https:\/\/camaracaxambu.mg.gov.br\/v2\/wp-json\/wp\/v2\/media?parent=993"}],"wp:term":[{"taxonomy":"category","embeddable":true,"href":"https:\/\/camaracaxambu.mg.gov.br\/v2\/wp-json\/wp\/v2\/categories?post=993"},{"taxonomy":"post_tag","embeddable":true,"href":"https:\/\/camaracaxambu.mg.gov.br\/v2\/wp-json\/wp\/v2\/tags?post=993"}],"curies":[{"name":"wp","href":"https:\/\/api.w.org\/{rel}","templated":true}]}}