{"id":895,"date":"2021-02-24T23:34:13","date_gmt":"2021-02-24T23:34:13","guid":{"rendered":"https:\/\/camaracaxambu.mg.gov.br\/v2\/?p=895"},"modified":"2022-03-09T23:36:38","modified_gmt":"2022-03-09T23:36:38","slug":"requerimentos-respondidos-pelo-executivo-10","status":"publish","type":"post","link":"https:\/\/camaracaxambu.mg.gov.br\/v2\/requerimentos-respondidos-pelo-executivo-10\/","title":{"rendered":"Requerimentos respondidos pelo Executivo"},"content":{"rendered":"<p><strong>\u00a0\u00a0 \u00a0 \u00a0 Vereador Vinicius Hemet\u00e9rio (MDB)<\/strong><\/p>\n<p><strong>\u00a0<\/strong><strong>\u00a0\u00a0\u00a0\u00a0\u00a0\u00a0\u00a0\u00a0 Pol\u00edticas P\u00fablicas<\/strong><\/p>\n<p>\u2013 Qual(is) Secretaria(s) ou Departamento(s) Municipal(is) que assumiu(ram) as pol\u00edticas p\u00fablicas das pessoas com necessidades especiais e inclus\u00e3o; e informar os respons\u00e1veis por tais pol\u00edticas, local de trabalho e apresentar plano de trabalho.<\/p>\n<p><em>Executivo: Ressaltamos que a resposta remete somente \u00e0s Pol\u00edticas Setoriais de Assist\u00eancia Social, pois outras Secretarias deste munic\u00edpio tamb\u00e9m desenvolvem projetos, a\u00e7\u00f5es e atividades no tocante \u00e0s Pol\u00edticas de Inclus\u00e3o Social, em especial as Secretarias de: Educa\u00e7\u00e3o, Turismo e Cultura, Esportes, Sa\u00fade, Obras, Planejamento Urbano, Planejamento Econ\u00f4mico.<\/em><\/p>\n<p><em>\u00a0\u00a0\u00a0\u00a0\u00a0\u00a0\u00a0\u00a0\u00a0<strong>Pol\u00edtica P\u00fablica<\/strong>\u00a0\u2013 Subven\u00e7\u00e3o para entidade de atendimento cl\u00ednico especializado para pessoas com defici\u00eancia intelectual e\/ou m\u00faltipla \u2013\u00a0<strong>Equipe respons\u00e1vel<\/strong>\u00a0\u2013 APAE<\/em><\/p>\n<p><em>\u00a0\u00a0\u00a0\u00a0\u00a0\u00a0\u00a0\u00a0 Subven\u00e7\u00e3o para entidade de atendimento no formato Centro-Dia para pessoas com defici\u00eancia intelectual e\/ou m\u00faltipla \u2013 APAE<\/em><\/p>\n<p><em>\u00a0\u00a0\u00a0\u00a0\u00a0\u00a0\u00a0\u00a0 Servi\u00e7o de Prote\u00e7\u00e3o e Atendimento Integral \u00e0 Fam\u00edlia (PAIF), que consiste no acompanhamento s\u00f3cio-familiar para fam\u00edlias e pessoas em situa\u00e7\u00e3o de vulnerabilidade social \u2013 CRAS<\/em><\/p>\n<p><em>\u00a0\u00a0\u00a0\u00a0\u00a0\u00a0\u00a0\u00a0 Servi\u00e7o de Conviv\u00eancia e Fortalecimento de V\u00ednculos, que desenvolve oficinas coletivas para pessoas em situa\u00e7\u00e3o de vulnerabilidade social \u2013 CRAS<\/em><\/p>\n<p><em>\u00a0\u00a0\u00a0\u00a0\u00a0\u00a0\u00a0\u00a0 Servi\u00e7o de Prote\u00e7\u00e3o e Atendimento Especializado a Fam\u00edlias e Indiv\u00edduos (PAEFI), que consiste no acompanhamento de indiv\u00edduos e fam\u00edlias em situa\u00e7\u00e3o de amea\u00e7a e v\u00edtimas de viola\u00e7\u00e3o de direitos \u2013 CREAS<\/em><\/p>\n<p><em>\u00a0\u00a0\u00a0\u00a0\u00a0\u00a0\u00a0\u00a0 Cadastro e acompanhamento de pessoas benefici\u00e1rias ou potenciais benefici\u00e1rias do Benef\u00edcio de Presta\u00e7\u00e3o Continuada (BPC) que garante um sal\u00e1rio m\u00ednimo vigente para pessoas com defici\u00eancia ou idosos acima de 65 anos sem renda \u2013 CRAS<\/em><\/p>\n<p><em>\u00a0\u00a0\u00a0\u00a0\u00a0\u00a0\u00a0\u00a0 Cursos de forma\u00e7\u00e3o e qualifica\u00e7\u00e3o para o mercado de trabalho. Programa Jovem Aprendiz \u2013 Central de Inclus\u00e3o Produtiva<\/em><\/p>\n<p><em>\u00a0<\/em><em>\u00a0\u00a0\u00a0\u00a0\u00a0\u00a0\u00a0\u00a0\u00a0<\/em><strong>Vereadores Vinicius Hemet\u00e9rio (MDB) e J\u00falio Nogueira (J\u00falio da Corneta \u2013 PSDB)<\/strong><\/p>\n<p><strong>\u00a0<\/strong><strong>\u00a0\u00a0\u00a0\u00a0\u00a0\u00a0\u00a0\u00a0 COVID-19<\/strong><\/p>\n<p><strong>\u00a0\u00a0\u00a0\u00a0\u00a0\u00a0\u00a0\u00a0\u00a0<\/strong>\u2013 Sobre a vacina\u00e7\u00e3o contra o COVID-19, indaga-se: qual ser\u00e1 a log\u00edstica para vacina\u00e7\u00e3o da popula\u00e7\u00e3o; quantos postos de vacina\u00e7\u00e3o existir\u00e3o; o calend\u00e1rio; se haver\u00e1 prefer\u00eancia, ou seja, pessoal de risco, profissionais de sa\u00fade, ou ser\u00e1 generalizado para toda a popula\u00e7\u00e3o; quantas doses o munic\u00edpio receber\u00e1 e o prazo; se tais doses ser\u00e3o suficientes para toda a popula\u00e7\u00e3o; a programa\u00e7\u00e3o de entrega; e a quantidade de equipamentos (freezers) o munic\u00edpio receber\u00e1 para armazenar tais vacinas e insumos (seringas e agulhas) necess\u00e1rios e dispon\u00edveis.<\/p>\n<p><em>\u00a0\u00a0\u00a0\u00a0\u00a0\u00a0\u00a0\u00a0 Executivo: Temos uma sala com entrada separada para vacina\u00e7\u00e3o na Policl\u00ednica, inclusive com atendimento em todos os PSFs. Para facilitar aos idosos faremos vacina\u00e7\u00e3o casa a casa e\/ou no sistema drive thru pensando em um maior conforto para as pessoas de risco e deficientes.<\/em><\/p>\n<p><em>\u00a0\u00a0\u00a0\u00a0\u00a0\u00a0\u00a0\u00a0 O calend\u00e1rio a ser seguido ser\u00e1 o estabelecido pelo Minist\u00e9rio da Sa\u00fade e\/ou Governo do Estado. As datas ainda n\u00e3o foram determinadas.<\/em><\/p>\n<p><em>\u00a0\u00a0\u00a0\u00a0\u00a0\u00a0\u00a0\u00a0 Sim. Haver\u00e1. 1<sup>o<\/sup>\u00a0grupo a ser vacinado \u2013 Trabalhadores da Sa\u00fade \u2013 1<sup>o<\/sup>\u00a0\u2013 equipe de vacina\u00e7\u00e3o, 2\u00ba \u2013 equipe de institui\u00e7\u00f5es de longa perman\u00eancia \u2013 3<sup>o<\/sup>\u00a0\u2013 Envolvidos diretamente na aten\u00e7\u00e3o\/refer\u00eancia para os casos suspeitos e confirmados de COVID-19; Pessoas idosas residentes em institui\u00e7\u00f5es de longa perman\u00eancia; Pessoas a partir de 18 anos de idade com defici\u00eancia, residentes em resid\u00eancias inclusivas e popula\u00e7\u00e3o ind\u00edgena que vive em terras ind\u00edgenas.<\/em><\/p>\n<p><em>\u00a0\u00a0\u00a0\u00a0\u00a0\u00a0\u00a0\u00a0 Atualmente, o munic\u00edpio recebeu somente 79 doses e ainda n\u00e3o h\u00e1 cronograma de entrega de novas unidades.<\/em><\/p>\n<p><em>\u00a0\u00a0\u00a0\u00a0\u00a0\u00a0\u00a0\u00a0 De acordo com compromisso das esferas federal e estadual toda popula\u00e7\u00e3o ter\u00e1 direito a vacina e ser\u00e1 vacinada.<\/em><\/p>\n<p><em>\u00a0\u00a0\u00a0\u00a0\u00a0\u00a0\u00a0\u00a0 A Secretaria Municipal de Sa\u00fade j\u00e1 conta com C\u00e2mara Fria para guarda das vacinas do calend\u00e1rio normal, por\u00e9m prevendo esta necessidade j\u00e1 adquiriu mais tr\u00eas unidades. Quanto aos insumos (seringas e agulhas), al\u00e9m do estoque adquirido pelo munic\u00edpio contamos tamb\u00e9m com a doa\u00e7\u00e3o recebida por parte do Governo do Estado. \u00a0\u00a0\u00a0\u00a0 \u00a0<\/em><\/p>\n<p><em>\u00a0 \u00a0\u00a0\u00a0\u00a0\u00a0\u00a0<\/em><\/p>\n","protected":false},"excerpt":{"rendered":"<p>\u00a0\u00a0 \u00a0 \u00a0 Vereador Vinicius Hemet\u00e9rio (MDB) \u00a0\u00a0\u00a0\u00a0\u00a0\u00a0\u00a0\u00a0\u00a0 Pol\u00edticas P\u00fablicas \u2013 Qual(is) Secretaria(s) ou Departamento(s) Municipal(is) que assumiu(ram) as pol\u00edticas p\u00fablicas das pessoas com necessidades especiais e inclus\u00e3o; e informar os respons\u00e1veis por tais pol\u00edticas, local de trabalho e apresentar plano de trabalho. Executivo: Ressaltamos que a resposta remete somente \u00e0s Pol\u00edticas Setoriais de Assist\u00eancia [&hellip;]<\/p>\n","protected":false},"author":1,"featured_media":0,"comment_status":"closed","ping_status":"open","sticky":false,"template":"","format":"standard","meta":[],"categories":[31,44,51],"tags":[],"_links":{"self":[{"href":"https:\/\/camaracaxambu.mg.gov.br\/v2\/wp-json\/wp\/v2\/posts\/895"}],"collection":[{"href":"https:\/\/camaracaxambu.mg.gov.br\/v2\/wp-json\/wp\/v2\/posts"}],"about":[{"href":"https:\/\/camaracaxambu.mg.gov.br\/v2\/wp-json\/wp\/v2\/types\/post"}],"author":[{"embeddable":true,"href":"https:\/\/camaracaxambu.mg.gov.br\/v2\/wp-json\/wp\/v2\/users\/1"}],"replies":[{"embeddable":true,"href":"https:\/\/camaracaxambu.mg.gov.br\/v2\/wp-json\/wp\/v2\/comments?post=895"}],"version-history":[{"count":1,"href":"https:\/\/camaracaxambu.mg.gov.br\/v2\/wp-json\/wp\/v2\/posts\/895\/revisions"}],"predecessor-version":[{"id":896,"href":"https:\/\/camaracaxambu.mg.gov.br\/v2\/wp-json\/wp\/v2\/posts\/895\/revisions\/896"}],"wp:attachment":[{"href":"https:\/\/camaracaxambu.mg.gov.br\/v2\/wp-json\/wp\/v2\/media?parent=895"}],"wp:term":[{"taxonomy":"category","embeddable":true,"href":"https:\/\/camaracaxambu.mg.gov.br\/v2\/wp-json\/wp\/v2\/categories?post=895"},{"taxonomy":"post_tag","embeddable":true,"href":"https:\/\/camaracaxambu.mg.gov.br\/v2\/wp-json\/wp\/v2\/tags?post=895"}],"curies":[{"name":"wp","href":"https:\/\/api.w.org\/{rel}","templated":true}]}}