{"id":862,"date":"2021-05-17T16:26:23","date_gmt":"2021-05-17T16:26:23","guid":{"rendered":"https:\/\/camaracaxambu.mg.gov.br\/v2\/?p=862"},"modified":"2022-03-09T16:26:57","modified_gmt":"2022-03-09T16:26:57","slug":"requerimentos-apresentados-pelos-vereadores-ao-executivo-25","status":"publish","type":"post","link":"https:\/\/camaracaxambu.mg.gov.br\/v2\/requerimentos-apresentados-pelos-vereadores-ao-executivo-25\/","title":{"rendered":"Requerimentos apresentados pelos vereadores ao Executivo"},"content":{"rendered":"<p><strong>\u00a0\u00a0 \u00a0 \u00a0Vereador J\u00falio Nogueira (J\u00falio da Corneta \u2013 PSDB)<\/strong><\/p>\n<p><strong>\u00a0<\/strong><strong>\u00a0\u00a0\u00a0\u00a0\u00a0\u00a0\u00a0\u00a0 Maquin\u00e1rio<\/strong><\/p>\n<p>\u2013 Indagou os procedimentos necess\u00e1rios e valores cobrados para se realizar o aluguel de maquin\u00e1rio da prefeitura. Questionou os valores, prazos, se existe algum seguro, se o aluguel compreende a cess\u00e3o de um funcion\u00e1rio para operar as m\u00e1quinas, se o abastecimento, gastos como pneu e \u00f3leo est\u00e3o compreendidos no pre\u00e7o.<\/p>\n<p><strong>Vereador Vinicius Hemet\u00e9rio (MDB)\u00a0\u00a0\u00a0\u00a0\u00a0\u00a0<\/strong><\/p>\n<p><strong>\u00a0\u00a0\u00a0\u00a0\u00a0\u00a0\u00a0\u00a0 COVID-19<\/strong><\/p>\n<p>\u2013 Sobre a vacina\u00e7\u00e3o contra a COVID-19 nos profissionais de sa\u00fade do munic\u00edpio, indaga-se: quantos profissionais\/funcion\u00e1rios p\u00fablicos da \u00e1rea de Sa\u00fade Municipal (sem ser da linha de frente COVID-19) j\u00e1 foram vacinados no munic\u00edpio (favor enumerar por cargo, sem a necessidade de expor nomes); se os profissionais\/funcion\u00e1rios citados foram imunizados com as duas doses da vacina; quais os crit\u00e9rios utilizados para imunizar esses profissionais; se os profissionais em quest\u00e3o apresentaram os respectivos registros de seus Conselhos; e quais os motivos da paralisa\u00e7\u00e3o da vacina\u00e7\u00e3o dos profissionais da \u00e1rea de sa\u00fade.<\/p>\n<p><strong>Vereador J\u00falio Nogueira (J\u00falio da Corneta \u2013 PSDB)<\/strong><\/p>\n<p><strong>\u00a0\u00a0\u00a0\u00a0\u00a0\u00a0\u00a0\u00a0 COVID-19<\/strong><\/p>\n<p>\u2013 No m\u00eas de junho de 2020, auge da primeira onda da Pandemia da COVID-19, este vereador encaminhou ao Executivo a indica\u00e7\u00e3o n\u00ba 215\/20 solicitando a implementa\u00e7\u00e3o de suspens\u00e3o de cobran\u00e7as de d\u00edvida ativa no munic\u00edpio, durante o per\u00edodo de calamidade p\u00fablica, proferida pelo Decreto Municipal n\u00ba 2.642\/20 em virtude da pandemia do novo coronav\u00edrus \u2013 COVID-19, recebendo por resposta atrav\u00e9s do Of\u00edcio n\u00ba 462\/20 que a demanda seria encaminhada \u00e0 Procuradoria Geral do Munic\u00edpio para aprecia\u00e7\u00e3o.<\/p>\n<p>At\u00e9 o momento, n\u00e3o obteve resposta, raz\u00e3o esta que indaga por meio deste requerimento o posicionamento do Executivo nesse sentido e as a\u00e7\u00f5es que t\u00eam sido tomadas nesse favor.<\/p>\n","protected":false},"excerpt":{"rendered":"<p>\u00a0\u00a0 \u00a0 \u00a0Vereador J\u00falio Nogueira (J\u00falio da Corneta \u2013 PSDB) \u00a0\u00a0\u00a0\u00a0\u00a0\u00a0\u00a0\u00a0\u00a0 Maquin\u00e1rio \u2013 Indagou os procedimentos necess\u00e1rios e valores cobrados para se realizar o aluguel de maquin\u00e1rio da prefeitura. Questionou os valores, prazos, se existe algum seguro, se o aluguel compreende a cess\u00e3o de um funcion\u00e1rio para operar as m\u00e1quinas, se o abastecimento, gastos como [&hellip;]<\/p>\n","protected":false},"author":1,"featured_media":0,"comment_status":"closed","ping_status":"open","sticky":false,"template":"","format":"standard","meta":[],"categories":[31,44,51],"tags":[],"_links":{"self":[{"href":"https:\/\/camaracaxambu.mg.gov.br\/v2\/wp-json\/wp\/v2\/posts\/862"}],"collection":[{"href":"https:\/\/camaracaxambu.mg.gov.br\/v2\/wp-json\/wp\/v2\/posts"}],"about":[{"href":"https:\/\/camaracaxambu.mg.gov.br\/v2\/wp-json\/wp\/v2\/types\/post"}],"author":[{"embeddable":true,"href":"https:\/\/camaracaxambu.mg.gov.br\/v2\/wp-json\/wp\/v2\/users\/1"}],"replies":[{"embeddable":true,"href":"https:\/\/camaracaxambu.mg.gov.br\/v2\/wp-json\/wp\/v2\/comments?post=862"}],"version-history":[{"count":1,"href":"https:\/\/camaracaxambu.mg.gov.br\/v2\/wp-json\/wp\/v2\/posts\/862\/revisions"}],"predecessor-version":[{"id":863,"href":"https:\/\/camaracaxambu.mg.gov.br\/v2\/wp-json\/wp\/v2\/posts\/862\/revisions\/863"}],"wp:attachment":[{"href":"https:\/\/camaracaxambu.mg.gov.br\/v2\/wp-json\/wp\/v2\/media?parent=862"}],"wp:term":[{"taxonomy":"category","embeddable":true,"href":"https:\/\/camaracaxambu.mg.gov.br\/v2\/wp-json\/wp\/v2\/categories?post=862"},{"taxonomy":"post_tag","embeddable":true,"href":"https:\/\/camaracaxambu.mg.gov.br\/v2\/wp-json\/wp\/v2\/tags?post=862"}],"curies":[{"name":"wp","href":"https:\/\/api.w.org\/{rel}","templated":true}]}}