{"id":856,"date":"2021-05-28T16:24:41","date_gmt":"2021-05-28T16:24:41","guid":{"rendered":"https:\/\/camaracaxambu.mg.gov.br\/v2\/?p=856"},"modified":"2022-03-09T16:25:28","modified_gmt":"2022-03-09T16:25:28","slug":"requerimentos-apresentados-pelos-vereadores-ao-executivo-23","status":"publish","type":"post","link":"https:\/\/camaracaxambu.mg.gov.br\/v2\/requerimentos-apresentados-pelos-vereadores-ao-executivo-23\/","title":{"rendered":"Requerimentos apresentados pelos vereadores ao Executivo"},"content":{"rendered":"<p><strong>\u00a0 \u00a0 \u00a0 \u00a0 \u00a0Comiss\u00e3o de Legisla\u00e7\u00e3o, Justi\u00e7a e Reda\u00e7\u00e3o<\/strong><\/p>\n<p><strong>\u00a0 \u00a0 \u00a0 \u00a0\u00a0<\/strong><strong>\u00a0 Projeto de Lei n<sup>o<\/sup>\u00a029\/21<\/strong><\/p>\n<p><strong>\u00a0\u00a0\u00a0\u00a0\u00a0\u00a0\u00a0\u00a0\u00a0<\/strong>Autoriza o Poder Executivo a realizar transposi\u00e7\u00e3o entre dota\u00e7\u00f5es do Poder Executivo no Or\u00e7amento de 2021.<\/p>\n<p><strong>\u00a0\u00a0\u00a0\u00a0\u00a0\u00a0\u00a0\u00a0\u00a0<\/strong>\u2013 Indagou quais despesas ser\u00e3o realizadas com obras e instala\u00e7\u00f5es; quais obras ser\u00e3o realizadas; e quais equipamentos ser\u00e3o adquiridos.<\/p>\n<p><em>Executivo: Ser\u00e1 realizado Processo Licitat\u00f3rio para constru\u00e7\u00e3o do Vel\u00f3rio no Cemit\u00e9rio Municipal.<\/em><\/p>\n<p><em>\u00a0\u00a0\u00a0\u00a0\u00a0\u00a0\u00a0\u00a0 Constru\u00e7\u00e3o do Vel\u00f3rio e capela no Cemit\u00e9rio Municipal.<\/em><\/p>\n<p><em>\u00a0\u00a0\u00a0\u00a0\u00a0\u00a0\u00a0\u00a0 N\u00e3o ser\u00e3o adquiridos equipamentos nesta dota\u00e7\u00e3o. \u00a0\u00a0\u00a0\u00a0\u00a0\u00a0<\/em><\/p>\n<p><strong>\u00a0 \u00a0 \u00a0 Vereador J\u00falio Nogueira (J\u00falio da Corneta \u2013 PSDB)<\/strong><\/p>\n<p><strong>\u00a0<\/strong><strong>\u00a0\u00a0\u00a0\u00a0\u00a0\u00a0\u00a0\u00a0 Maquin\u00e1rio<\/strong><\/p>\n<p>\u2013 Indagou os procedimentos necess\u00e1rios e valores cobrados para se realizar o aluguel de maquin\u00e1rio da prefeitura. Questionou os valores, prazos, se existe algum seguro, se o aluguel compreende a cess\u00e3o de um funcion\u00e1rio para operar as m\u00e1quinas, se o abastecimento, gastos como pneu e \u00f3leo est\u00e3o compreendidos no pre\u00e7o.<\/p>\n<p><em>Executivo: A demanda parte do interesse do contribuinte mediante requerimento formal, ap\u00f3s o recolhimento da taxa competente aos cofres municipais correspondente ao servi\u00e7o a ser contratado e executado. O valor est\u00e1 contemplado pela Lei n<sup>o<\/sup>\u00a02.761\/21, j\u00e1 inclu\u00eddos os insumos e m\u00e3o de obra, vez que os equipamentos s\u00e3o operados por servidores municipais. \u00a0<\/em><\/p>\n","protected":false},"excerpt":{"rendered":"<p>\u00a0 \u00a0 \u00a0 \u00a0 \u00a0Comiss\u00e3o de Legisla\u00e7\u00e3o, Justi\u00e7a e Reda\u00e7\u00e3o \u00a0 \u00a0 \u00a0 \u00a0\u00a0\u00a0 Projeto de Lei no\u00a029\/21 \u00a0\u00a0\u00a0\u00a0\u00a0\u00a0\u00a0\u00a0\u00a0Autoriza o Poder Executivo a realizar transposi\u00e7\u00e3o entre dota\u00e7\u00f5es do Poder Executivo no Or\u00e7amento de 2021. \u00a0\u00a0\u00a0\u00a0\u00a0\u00a0\u00a0\u00a0\u00a0\u2013 Indagou quais despesas ser\u00e3o realizadas com obras e instala\u00e7\u00f5es; quais obras ser\u00e3o realizadas; e quais equipamentos ser\u00e3o adquiridos. Executivo: Ser\u00e1 [&hellip;]<\/p>\n","protected":false},"author":1,"featured_media":0,"comment_status":"closed","ping_status":"open","sticky":false,"template":"","format":"standard","meta":[],"categories":[21,31,44,51],"tags":[],"_links":{"self":[{"href":"https:\/\/camaracaxambu.mg.gov.br\/v2\/wp-json\/wp\/v2\/posts\/856"}],"collection":[{"href":"https:\/\/camaracaxambu.mg.gov.br\/v2\/wp-json\/wp\/v2\/posts"}],"about":[{"href":"https:\/\/camaracaxambu.mg.gov.br\/v2\/wp-json\/wp\/v2\/types\/post"}],"author":[{"embeddable":true,"href":"https:\/\/camaracaxambu.mg.gov.br\/v2\/wp-json\/wp\/v2\/users\/1"}],"replies":[{"embeddable":true,"href":"https:\/\/camaracaxambu.mg.gov.br\/v2\/wp-json\/wp\/v2\/comments?post=856"}],"version-history":[{"count":1,"href":"https:\/\/camaracaxambu.mg.gov.br\/v2\/wp-json\/wp\/v2\/posts\/856\/revisions"}],"predecessor-version":[{"id":857,"href":"https:\/\/camaracaxambu.mg.gov.br\/v2\/wp-json\/wp\/v2\/posts\/856\/revisions\/857"}],"wp:attachment":[{"href":"https:\/\/camaracaxambu.mg.gov.br\/v2\/wp-json\/wp\/v2\/media?parent=856"}],"wp:term":[{"taxonomy":"category","embeddable":true,"href":"https:\/\/camaracaxambu.mg.gov.br\/v2\/wp-json\/wp\/v2\/categories?post=856"},{"taxonomy":"post_tag","embeddable":true,"href":"https:\/\/camaracaxambu.mg.gov.br\/v2\/wp-json\/wp\/v2\/tags?post=856"}],"curies":[{"name":"wp","href":"https:\/\/api.w.org\/{rel}","templated":true}]}}