{"id":784,"date":"2020-04-07T03:00:13","date_gmt":"2020-04-07T03:00:13","guid":{"rendered":"https:\/\/camaracaxambu.mg.gov.br\/v2\/?p=784"},"modified":"2022-03-09T03:01:26","modified_gmt":"2022-03-09T03:01:26","slug":"grande-expediente-79","status":"publish","type":"post","link":"https:\/\/camaracaxambu.mg.gov.br\/v2\/grande-expediente-79\/","title":{"rendered":"Grande Expediente"},"content":{"rendered":"<p><strong>Reuni\u00e3o Ordin\u00e1ria<\/strong><\/p>\n<p><strong>9 de mar\u00e7o<\/strong><\/p>\n<p>\u2013 O vereador J\u00falio Nogueira (J\u00falio da Corneta) recordou que a ACAPS foi convidada para participar de uma reuni\u00e3o na Casa, convite ainda n\u00e3o aceito. Comentou que a popula\u00e7\u00e3o aguarda uma resposta da Associa\u00e7\u00e3o, destacando que quando precisa de dinheiro procura o Legislativo e que na hora de denunciar procurou o Minist\u00e9rio P\u00fablico, sem dialogar com os vereadores. Destacou que continuaria exercendo a fun\u00e7\u00e3o fiscalizadora e que existem, sim, reclama\u00e7\u00f5es do atendimento do Hospital. Enalteceu o trabalho volunt\u00e1rio em geral, criticando o valor da remunera\u00e7\u00e3o da diretora Administrativa do Hospital, Amanda Vilela, inicialmente volunt\u00e1ria da Associa\u00e7\u00e3o. Refor\u00e7ou a sua disposi\u00e7\u00e3o em averiguar os fatos, apesar de a ACAPS ainda n\u00e3o ter se manifestado na C\u00e2mara.<\/p>\n<p>\u2013 O vereador Paulo Rodrigues agradeceu ao Executivo a coloca\u00e7\u00e3o de um bra\u00e7o de luz no Santa Tereza. Comentou que participou da manifesta\u00e7\u00e3o em Belo Horizonte, no in\u00edcio do m\u00eas, em rela\u00e7\u00e3o \u00e0 situa\u00e7\u00e3o dos profissionais de Educa\u00e7\u00e3o no Estado, preocupantes e coerentes aos anseios da classe e da conjuntura atual. Destacou que todo o trabalho do prefeito foi feito com dignidade, desde o in\u00edcio do mandato.<\/p>\n<p>\u2013 O vereador Vinicius Hemet\u00e9rio comentou que o deputado federal Newton Cardoso J\u00fanior est\u00e1 empenhado na libera\u00e7\u00e3o da emenda no valor de R$ 500.000,00 para a pavimenta\u00e7\u00e3o das ruas do Talism\u00e3 e Vera Cruz. Pediu provid\u00eancias ao Executivo para a Ch\u00e1cara Marques, no Caxambu Velho, inclusive a limpeza da \u00e1rea que est\u00e1 tomada pelo matagal.<\/p>\n<p>\u2013 O vereador M\u00e1rio Alves comentou que se identifica com o temperamento da diretora Administrativa do Hospital, Amanda Vilela, discordando de algumas cr\u00edticas dirigidas a ela. Reiterou o seu respeito ao prefeito, vice-prefeito e secret\u00e1ria de Sa\u00fade. Demonstrou confian\u00e7a na solu\u00e7\u00e3o do problema e o retorno do respeito m\u00fatuo entre o Executivo e a ACAPS. Concordou com os pares que o di\u00e1logo seria a melhor alternativa, mas que as den\u00fancias j\u00e1 tinham sido feitas pela Associa\u00e7\u00e3o, e que resta a C\u00e2mara \u201cdesembara\u00e7ar este n\u00f3\u201d. Registrou que deixou o PSDB e passou a fazer parte da bancada do MDB.<\/p>\n<p>\u2013 A vereadora Jenny Arag\u00e3o (Gica) abordou os problemas ocorridos com a mudan\u00e7a na coleta de lixo, principalmente por causa dos cachorros, e pediu a colabora\u00e7\u00e3o da popula\u00e7\u00e3o na adequa\u00e7\u00e3o dos hor\u00e1rios, que tamb\u00e9m n\u00e3o est\u00e3o sendo cumpridos pela empresa.<\/p>\n<p>\u2013 O vereador F\u00e1bio Curi recordou que os debates fazem parte da democracia e refor\u00e7ou o \u00e1rduo trabalho da C\u00e2mara, em favor do povo caxambuense. Destacou o respeito da C\u00e2mara pela ACAPS e o Executivo, demonstrados durante toda a reuni\u00e3o. Destacou que todos que fazem parte da estrutura devem trabalhar com di\u00e1logo, confrontos, embates, mas com respeito, para o desenvolvimento da cidade. Pediu o envio ao governo do Estado das reivindica\u00e7\u00f5es do Sind-UTE\/MG \u2013 subsede Caxambu, em favor dos profissionais da Educa\u00e7\u00e3o.<\/p>\n<p>\u2013 O secret\u00e1rio Francisco Martins (Kiko) refor\u00e7ou a necessidade de melhorias da ilumina\u00e7\u00e3o p\u00fablica da Avenida Evaristo S\u00e1 Guedes. Informou que as inscri\u00e7\u00f5es para o aux\u00edlio transporte universit\u00e1rio foram prorrogadas at\u00e9 o dia 13 de mar\u00e7o. Adiantou que uma determinada empresa est\u00e1 interessada em se instalar na Ch\u00e1cara Marques e felicitou a Secretaria Municipal de Educa\u00e7\u00e3o pela reforma do Centro de Educa\u00e7\u00e3o Infantil Caxambu Velho.<\/p>\n<p>\u2013 O presidente Jean Carlos refor\u00e7ou a necessidade de melhorias do cal\u00e7amento das ruas do Talism\u00e3 e Vera Cruz. Reconheceu o trabalho da atual Administra\u00e7\u00e3o, enaltecendo as coisas boas que ocorreram na cidade em rela\u00e7\u00e3o \u00e0 Administra\u00e7\u00e3o anterior. Recordou de forma negativa da Administra\u00e7\u00e3o anterior, enaltecendo o trabalho da atual Administra\u00e7\u00e3o.<\/p>\n<p>\u2013 O vice-presidente Alessandro Fortes (Sandrinho do Som) questionou o Executivo como ficaria a situa\u00e7\u00e3o dos desabrigados do Bosque, em decorr\u00eancia das fortes chuvas ocorridas em fevereiro, e falou das dificuldades que enfrentam, para tranquiliz\u00e1-los. Cobrou a passagem da m\u00e1quina patrol na Estrada da Cascatinha, bem como o corte para as \u00e1guas pluviais.<\/p>\n","protected":false},"excerpt":{"rendered":"<p>Reuni\u00e3o Ordin\u00e1ria 9 de mar\u00e7o \u2013 O vereador J\u00falio Nogueira (J\u00falio da Corneta) recordou que a ACAPS foi convidada para participar de uma reuni\u00e3o na Casa, convite ainda n\u00e3o aceito. Comentou que a popula\u00e7\u00e3o aguarda uma resposta da Associa\u00e7\u00e3o, destacando que quando precisa de dinheiro procura o Legislativo e que na hora de denunciar procurou [&hellip;]<\/p>\n","protected":false},"author":1,"featured_media":0,"comment_status":"closed","ping_status":"open","sticky":false,"template":"","format":"standard","meta":[],"categories":[16,21,61,27,58,66,31,63,64,51],"tags":[],"_links":{"self":[{"href":"https:\/\/camaracaxambu.mg.gov.br\/v2\/wp-json\/wp\/v2\/posts\/784"}],"collection":[{"href":"https:\/\/camaracaxambu.mg.gov.br\/v2\/wp-json\/wp\/v2\/posts"}],"about":[{"href":"https:\/\/camaracaxambu.mg.gov.br\/v2\/wp-json\/wp\/v2\/types\/post"}],"author":[{"embeddable":true,"href":"https:\/\/camaracaxambu.mg.gov.br\/v2\/wp-json\/wp\/v2\/users\/1"}],"replies":[{"embeddable":true,"href":"https:\/\/camaracaxambu.mg.gov.br\/v2\/wp-json\/wp\/v2\/comments?post=784"}],"version-history":[{"count":1,"href":"https:\/\/camaracaxambu.mg.gov.br\/v2\/wp-json\/wp\/v2\/posts\/784\/revisions"}],"predecessor-version":[{"id":785,"href":"https:\/\/camaracaxambu.mg.gov.br\/v2\/wp-json\/wp\/v2\/posts\/784\/revisions\/785"}],"wp:attachment":[{"href":"https:\/\/camaracaxambu.mg.gov.br\/v2\/wp-json\/wp\/v2\/media?parent=784"}],"wp:term":[{"taxonomy":"category","embeddable":true,"href":"https:\/\/camaracaxambu.mg.gov.br\/v2\/wp-json\/wp\/v2\/categories?post=784"},{"taxonomy":"post_tag","embeddable":true,"href":"https:\/\/camaracaxambu.mg.gov.br\/v2\/wp-json\/wp\/v2\/tags?post=784"}],"curies":[{"name":"wp","href":"https:\/\/api.w.org\/{rel}","templated":true}]}}