{"id":3373,"date":"2024-10-08T19:58:49","date_gmt":"2024-10-08T19:58:49","guid":{"rendered":"https:\/\/camaracaxambu.mg.gov.br\/v2\/?p=3373"},"modified":"2024-10-08T19:58:49","modified_gmt":"2024-10-08T19:58:49","slug":"outubro-rosa","status":"publish","type":"post","link":"https:\/\/camaracaxambu.mg.gov.br\/v2\/outubro-rosa\/","title":{"rendered":"OUTUBRO ROSA"},"content":{"rendered":"<div dir=\"auto\" style=\"text-align: justify;\">Nesse m\u00eas celebramos o &#8220;Outubro Rosa&#8221;, m\u00eas para para alertar sobre a preven\u00e7\u00e3o ao c\u00e2ncer de mama em mulheres, principalmente, com 50 anos ou mais.<\/div>\n<div dir=\"auto\" style=\"text-align: justify;\">Por esse motivo, a fachada da C\u00e2mara ficar\u00e1 iluminada na cor rosa at\u00e9 o final do m\u00eas (31\/10).<\/div>\n","protected":false},"excerpt":{"rendered":"<p>Nesse m\u00eas celebramos o &#8220;Outubro Rosa&#8221;, m\u00eas para para alertar sobre a preven\u00e7\u00e3o ao c\u00e2ncer de mama em mulheres, principalmente, com 50 anos ou mais. Por esse motivo, a fachada da C\u00e2mara ficar\u00e1 iluminada na cor rosa at\u00e9 o final do m\u00eas (31\/10).<\/p>\n","protected":false},"author":2,"featured_media":3374,"comment_status":"closed","ping_status":"open","sticky":false,"template":"","format":"standard","meta":[],"categories":[67],"tags":[],"_links":{"self":[{"href":"https:\/\/camaracaxambu.mg.gov.br\/v2\/wp-json\/wp\/v2\/posts\/3373"}],"collection":[{"href":"https:\/\/camaracaxambu.mg.gov.br\/v2\/wp-json\/wp\/v2\/posts"}],"about":[{"href":"https:\/\/camaracaxambu.mg.gov.br\/v2\/wp-json\/wp\/v2\/types\/post"}],"author":[{"embeddable":true,"href":"https:\/\/camaracaxambu.mg.gov.br\/v2\/wp-json\/wp\/v2\/users\/2"}],"replies":[{"embeddable":true,"href":"https:\/\/camaracaxambu.mg.gov.br\/v2\/wp-json\/wp\/v2\/comments?post=3373"}],"version-history":[{"count":1,"href":"https:\/\/camaracaxambu.mg.gov.br\/v2\/wp-json\/wp\/v2\/posts\/3373\/revisions"}],"predecessor-version":[{"id":3375,"href":"https:\/\/camaracaxambu.mg.gov.br\/v2\/wp-json\/wp\/v2\/posts\/3373\/revisions\/3375"}],"wp:featuredmedia":[{"embeddable":true,"href":"https:\/\/camaracaxambu.mg.gov.br\/v2\/wp-json\/wp\/v2\/media\/3374"}],"wp:attachment":[{"href":"https:\/\/camaracaxambu.mg.gov.br\/v2\/wp-json\/wp\/v2\/media?parent=3373"}],"wp:term":[{"taxonomy":"category","embeddable":true,"href":"https:\/\/camaracaxambu.mg.gov.br\/v2\/wp-json\/wp\/v2\/categories?post=3373"},{"taxonomy":"post_tag","embeddable":true,"href":"https:\/\/camaracaxambu.mg.gov.br\/v2\/wp-json\/wp\/v2\/tags?post=3373"}],"curies":[{"name":"wp","href":"https:\/\/api.w.org\/{rel}","templated":true}]}}