{"id":2351,"date":"2023-06-13T18:35:05","date_gmt":"2023-06-13T18:35:05","guid":{"rendered":"https:\/\/camaracaxambu.mg.gov.br\/v2\/?p=2351"},"modified":"2023-06-13T18:48:58","modified_gmt":"2023-06-13T18:48:58","slug":"resumo-da-21a-reuniao-ordinaria-do-dia-12-de-junho-de-2023","status":"publish","type":"post","link":"https:\/\/camaracaxambu.mg.gov.br\/v2\/resumo-da-21a-reuniao-ordinaria-do-dia-12-de-junho-de-2023\/","title":{"rendered":"RESUMO DA 21\u00aa REUNI\u00c3O ORDIN\u00c1RIA DO DIA 12 DE JUNHO DE 2023"},"content":{"rendered":"<p style=\"text-align: justify;\">A 21\u00aa Reuni\u00e3o Ordin\u00e1ria aconteceu dia 12 de junho, no Plen\u00e1rio da C\u00e2mara Municipal de Caxambu e foi transmitida pelo Facebook e Youtube.<\/p>\n<p>&nbsp;<\/p>\n<p><strong>DISTRIBUI\u00c7\u00c3O DE PROJETOS:<\/strong><\/p>\n<p style=\"text-align: justify;\"><em>Os Projetos de Lei podem ser encaminhados pelo Poder Executivo \u00e0 C\u00e2mara ou pelos Vereadores para conhecimento e discuss\u00e3o em Plen\u00e1rio.<\/em><\/p>\n<p style=\"text-align: justify;\">Projeto de Lei n\u00ba 39\/2023, encaminhado pelo Poder Executivo atrav\u00e9s da Mensagem n\u00ba 39\/2023, que autoriza a concess\u00e3o de incentivos fiscais e financeiros \u00e0s empresas do Grupo Nh\u00e1 Chica, nos moldes da Lei Municipal n\u00ba 2535\/2018.<\/p>\n<p><strong>ORDEM DO DIA:<\/strong><\/p>\n<p style=\"text-align: justify;\"><em>\u00c9 o momento da sess\u00e3o em que os Projetos e at\u00e9 mesmo Requerimentos s\u00e3o discutidos e votados pelos Vereadores. Os Projetos que s\u00e3o aprovados em 1\u00aa discuss\u00e3o, voltam para outra sess\u00e3o para que sejam discutidos e votados em 2\u00ba turno.<\/em><\/p>\n<p style=\"text-align: justify;\">Projeto de Lei n\u00ba 08\/2023, apresentando pelo vereador Vivaldo Rodrigues de Oliveira Azevedo, que Altera a reda\u00e7\u00e3o dos caputs dos artigos 21 e 31, e do inciso II do artigo 34 da Lei n\u00ba 2.123\/2012 que \u2018regulamenta o servi\u00e7o de transporte de passageiros por t\u00e1xi no Munic\u00edpio de Caxambu e d\u00e1 outras provid\u00eancias\u2019. O Projeto visa aumentar a possibilidade de utiliza\u00e7\u00e3o dos ve\u00edculos por mais tempo, passando-se para 15 (quinze) anos.<\/p>\n<p style=\"text-align: justify;\">Projeto de Lei n\u00ba 36\/2023, encaminhado pelo Poder Executivo atrav\u00e9s da Mensagem n\u00ba 36\/2023, que autoriza o Poder Executivo a conceder ajuda de custo \u00e0 atleta. O Projeto visa destinar ajuda de custo no valor de R$ 8.000,00 ao atleta caxambuense Carlos Alberto Fernandes Ol\u00edmpio para sua participa\u00e7\u00e3o no Campeonato Mundial de Mountain Bike na Esc\u00f3cia, em agosto de 2023.<\/p>\n<p>&nbsp;<\/p>\n<p><strong>TRIBUNA LIVRE:<\/strong><\/p>\n<p style=\"text-align: justify;\"><em>\u00c9 o local onde todos os cidad\u00e3os podem se manifestar sobre assuntos que sejam de interesse da comunidade e que podem precisar de alguma interven\u00e7\u00e3o dos vereadores<\/em><em>.<\/em><\/p>\n<p style=\"text-align: justify;\"><img loading=\"lazy\" class=\"size-medium wp-image-2352 alignright\" src=\"https:\/\/camaracaxambu.mg.gov.br\/v2\/wp-content\/uploads\/2023\/06\/WhatsApp-Image-2023-06-13-at-15.29.45-225x300.jpeg\" alt=\"\" width=\"225\" height=\"300\" srcset=\"https:\/\/camaracaxambu.mg.gov.br\/v2\/wp-content\/uploads\/2023\/06\/WhatsApp-Image-2023-06-13-at-15.29.45-225x300.jpeg 225w, https:\/\/camaracaxambu.mg.gov.br\/v2\/wp-content\/uploads\/2023\/06\/WhatsApp-Image-2023-06-13-at-15.29.45-768x1024.jpeg 768w, https:\/\/camaracaxambu.mg.gov.br\/v2\/wp-content\/uploads\/2023\/06\/WhatsApp-Image-2023-06-13-at-15.29.45-1152x1536.jpeg 1152w, https:\/\/camaracaxambu.mg.gov.br\/v2\/wp-content\/uploads\/2023\/06\/WhatsApp-Image-2023-06-13-at-15.29.45-696x928.jpeg 696w, https:\/\/camaracaxambu.mg.gov.br\/v2\/wp-content\/uploads\/2023\/06\/WhatsApp-Image-2023-06-13-at-15.29.45-1068x1424.jpeg 1068w, https:\/\/camaracaxambu.mg.gov.br\/v2\/wp-content\/uploads\/2023\/06\/WhatsApp-Image-2023-06-13-at-15.29.45-315x420.jpeg 315w, https:\/\/camaracaxambu.mg.gov.br\/v2\/wp-content\/uploads\/2023\/06\/WhatsApp-Image-2023-06-13-at-15.29.45.jpeg 1200w\" sizes=\"(max-width: 225px) 100vw, 225px\" \/>F\u00f3rum Mineiro dos Comit\u00eas de Bacias Hidrogr\u00e1ficas foi tema da Tribuna Livre, que contou com a participa\u00e7\u00e3o de Wagner de Oliveira Carvalho. Debate ocorreu durante a 21\u00aa Reuni\u00e3o Ordin\u00e1ria, no Plen\u00e1rio da C\u00e2mara Municipal.<\/p>\n","protected":false},"excerpt":{"rendered":"<p>A 21\u00aa Reuni\u00e3o Ordin\u00e1ria aconteceu dia 12 de junho, no Plen\u00e1rio da C\u00e2mara Municipal de Caxambu e foi transmitida pelo Facebook e Youtube. &nbsp; DISTRIBUI\u00c7\u00c3O DE PROJETOS: Os Projetos de Lei podem ser encaminhados pelo Poder Executivo \u00e0 C\u00e2mara ou pelos Vereadores para conhecimento e discuss\u00e3o em Plen\u00e1rio. Projeto de Lei n\u00ba 39\/2023, encaminhado pelo [&hellip;]<\/p>\n","protected":false},"author":2,"featured_media":2353,"comment_status":"closed","ping_status":"open","sticky":false,"template":"","format":"standard","meta":[],"categories":[35],"tags":[],"_links":{"self":[{"href":"https:\/\/camaracaxambu.mg.gov.br\/v2\/wp-json\/wp\/v2\/posts\/2351"}],"collection":[{"href":"https:\/\/camaracaxambu.mg.gov.br\/v2\/wp-json\/wp\/v2\/posts"}],"about":[{"href":"https:\/\/camaracaxambu.mg.gov.br\/v2\/wp-json\/wp\/v2\/types\/post"}],"author":[{"embeddable":true,"href":"https:\/\/camaracaxambu.mg.gov.br\/v2\/wp-json\/wp\/v2\/users\/2"}],"replies":[{"embeddable":true,"href":"https:\/\/camaracaxambu.mg.gov.br\/v2\/wp-json\/wp\/v2\/comments?post=2351"}],"version-history":[{"count":2,"href":"https:\/\/camaracaxambu.mg.gov.br\/v2\/wp-json\/wp\/v2\/posts\/2351\/revisions"}],"predecessor-version":[{"id":2356,"href":"https:\/\/camaracaxambu.mg.gov.br\/v2\/wp-json\/wp\/v2\/posts\/2351\/revisions\/2356"}],"wp:featuredmedia":[{"embeddable":true,"href":"https:\/\/camaracaxambu.mg.gov.br\/v2\/wp-json\/wp\/v2\/media\/2353"}],"wp:attachment":[{"href":"https:\/\/camaracaxambu.mg.gov.br\/v2\/wp-json\/wp\/v2\/media?parent=2351"}],"wp:term":[{"taxonomy":"category","embeddable":true,"href":"https:\/\/camaracaxambu.mg.gov.br\/v2\/wp-json\/wp\/v2\/categories?post=2351"},{"taxonomy":"post_tag","embeddable":true,"href":"https:\/\/camaracaxambu.mg.gov.br\/v2\/wp-json\/wp\/v2\/tags?post=2351"}],"curies":[{"name":"wp","href":"https:\/\/api.w.org\/{rel}","templated":true}]}}