{"id":2348,"date":"2023-06-13T18:07:57","date_gmt":"2023-06-13T18:07:57","guid":{"rendered":"https:\/\/camaracaxambu.mg.gov.br\/v2\/?p=2348"},"modified":"2023-06-13T18:07:57","modified_gmt":"2023-06-13T18:07:57","slug":"de-caxambu-para-o-mundo","status":"publish","type":"post","link":"https:\/\/camaracaxambu.mg.gov.br\/v2\/de-caxambu-para-o-mundo\/","title":{"rendered":"DE CAXAMBU PARA O MUNDO"},"content":{"rendered":"<p><em>Divulga\u00e7\u00e3o.<\/em><\/p>\n<p>&nbsp;<\/p>\n<p style=\"text-align: justify;\">\u201cNunca desistir dos sonhos e lutar para conquist\u00e1-los\u201d. Esse \u00e9 o conselho do atleta caxambuense Carlos Alberto Fernandes Ol\u00edmpio, 31 anos, aos jovens atletas da cidade. Dedicado ao ciclismo desde os 13 anos de idade, ele vem acumulando v\u00e1rias vit\u00f3rias em importantes competi\u00e7\u00f5es a n\u00edvel estadual e nacional. E agora, pela primeira vez ter\u00e1 oportunidade de participa de um campeonato mundial.<\/p>\n<p style=\"text-align: justify;\">A C\u00e2mara Municipal aprovou em \u00fanica discuss\u00e3o, durante a 21\u00aa Reuni\u00e3o Ordin\u00e1ria, em 12\/06\/23, projeto de lei n\u00ba 36\/2023 que autoriza o Poder Executivo a conceder ajuda de custo no valor de R$ 8.000,00 ao atleta para participa\u00e7\u00e3o no Campeonato Mundial de Mountain Bike na Esc\u00f3cia, em agosto pr\u00f3ximo. O projeto foi apresentado pelo Executivo. \u201cSem essa ajuda de custo eu n\u00e3o teria condi\u00e7\u00f5es de viajar para competir. Quero levar o nome de Caxambu para o mundo\u201d, disse.<\/p>\n<p style=\"text-align: justify;\">Carlos Alberto lembra que sua hist\u00f3ria com o ciclismo come\u00e7ou com seu av\u00f4, Jos\u00e9 Ol\u00edmpio, morador do bairro do Bosque, que chegou a competir e passou a paix\u00e3o pelo ciclismo para toda a fam\u00edlia. Hoje, Carlos Alberto est\u00e1 entre os melhores atletas do pa\u00eds em sua categoria, com participa\u00e7\u00f5es, inclusive, em Pan Americanos vestindo a camisa da sele\u00e7\u00e3o brasileira.<\/p>\n","protected":false},"excerpt":{"rendered":"<p>Divulga\u00e7\u00e3o. &nbsp; \u201cNunca desistir dos sonhos e lutar para conquist\u00e1-los\u201d. Esse \u00e9 o conselho do atleta caxambuense Carlos Alberto Fernandes Ol\u00edmpio, 31 anos, aos jovens atletas da cidade. Dedicado ao ciclismo desde os 13 anos de idade, ele vem acumulando v\u00e1rias vit\u00f3rias em importantes competi\u00e7\u00f5es a n\u00edvel estadual e nacional. E agora, pela primeira vez [&hellip;]<\/p>\n","protected":false},"author":2,"featured_media":2349,"comment_status":"closed","ping_status":"open","sticky":false,"template":"","format":"standard","meta":[],"categories":[35],"tags":[],"_links":{"self":[{"href":"https:\/\/camaracaxambu.mg.gov.br\/v2\/wp-json\/wp\/v2\/posts\/2348"}],"collection":[{"href":"https:\/\/camaracaxambu.mg.gov.br\/v2\/wp-json\/wp\/v2\/posts"}],"about":[{"href":"https:\/\/camaracaxambu.mg.gov.br\/v2\/wp-json\/wp\/v2\/types\/post"}],"author":[{"embeddable":true,"href":"https:\/\/camaracaxambu.mg.gov.br\/v2\/wp-json\/wp\/v2\/users\/2"}],"replies":[{"embeddable":true,"href":"https:\/\/camaracaxambu.mg.gov.br\/v2\/wp-json\/wp\/v2\/comments?post=2348"}],"version-history":[{"count":1,"href":"https:\/\/camaracaxambu.mg.gov.br\/v2\/wp-json\/wp\/v2\/posts\/2348\/revisions"}],"predecessor-version":[{"id":2350,"href":"https:\/\/camaracaxambu.mg.gov.br\/v2\/wp-json\/wp\/v2\/posts\/2348\/revisions\/2350"}],"wp:featuredmedia":[{"embeddable":true,"href":"https:\/\/camaracaxambu.mg.gov.br\/v2\/wp-json\/wp\/v2\/media\/2349"}],"wp:attachment":[{"href":"https:\/\/camaracaxambu.mg.gov.br\/v2\/wp-json\/wp\/v2\/media?parent=2348"}],"wp:term":[{"taxonomy":"category","embeddable":true,"href":"https:\/\/camaracaxambu.mg.gov.br\/v2\/wp-json\/wp\/v2\/categories?post=2348"},{"taxonomy":"post_tag","embeddable":true,"href":"https:\/\/camaracaxambu.mg.gov.br\/v2\/wp-json\/wp\/v2\/tags?post=2348"}],"curies":[{"name":"wp","href":"https:\/\/api.w.org\/{rel}","templated":true}]}}