{"id":2327,"date":"2023-06-07T19:36:36","date_gmt":"2023-06-07T19:36:36","guid":{"rendered":"https:\/\/camaracaxambu.mg.gov.br\/v2\/?p=2327"},"modified":"2023-06-07T19:36:36","modified_gmt":"2023-06-07T19:36:36","slug":"autistas-sofrem-com-barulhos-de-fogos-de-artificio","status":"publish","type":"post","link":"https:\/\/camaracaxambu.mg.gov.br\/v2\/autistas-sofrem-com-barulhos-de-fogos-de-artificio\/","title":{"rendered":"AUTISTAS SOFREM COM BARULHOS DE FOGOS DE ARTIF\u00cdCIO"},"content":{"rendered":"<p><em>Ana Paula e o filho, Lu\u00eds Filipe<\/em><\/p>\n<p style=\"text-align: justify;\">Lu\u00eds Filipe \u00e9 portador de Transtorno do Espectro Autista (TEA). Ele tem 12 anos e mora em Caxambu. A m\u00e3e do menino, Ana Paula Guimar\u00e3es Paulino, disse que a fam\u00edlia nunca passou um R\u00e9veillon na cidade, buscando sempre a zona rural, porque Lu\u00eds Filipe sofre muito com o barulho dos fogos de artif\u00edcio. \u201cMeu filho fica nervoso, agitado, totalmente desorganizado e chora muito\u201d, conta.<\/p>\n<p style=\"text-align: justify;\">Segundo a psic\u00f3loga Ana Elisabete Silva Rodolfo, estudos mostram que entre 56% e 80% de pessoas com Transtorno do Espectro Autista (TEA) possuem hipersensibilidade. \u201cEssa altera\u00e7\u00e3o do processamento sensorial auditivo influencia na percep\u00e7\u00e3o dos est\u00edmulos. O barulho dos fogos de artif\u00edcio \u00e9 visto como muito alto para essas crian\u00e7as, causando instabilidade comportamental\u201d, disse.<\/p>\n<p style=\"text-align: justify;\">Barulho em excesso que causa problemas tamb\u00e9m para os animais. De acordo com a vice-presidente da Associa\u00e7\u00e3o Protetora dos Animais de Caxambu (Apac), Neide Maciel Siqueira, o barulho dos fogos de artif\u00edcio torna-se muito maior para os animais, causando traumas e medos. \u201cGeralmente quando acontecem jogos de futebol e eventos em que soltam fogos de artif\u00edcio com efeito sonoro muitos cachorros fogem e s\u00e3o atropelados. Isso porque eles entram em p\u00e2nico e escapam pelos locais mais inusitados\u201d, disse.<\/p>\n<p><img loading=\"lazy\" class=\"size-medium wp-image-2329 alignnone\" src=\"https:\/\/camaracaxambu.mg.gov.br\/v2\/wp-content\/uploads\/2023\/06\/Foto-1pagina-7-300x225.jpg\" alt=\"\" width=\"300\" height=\"225\" srcset=\"https:\/\/camaracaxambu.mg.gov.br\/v2\/wp-content\/uploads\/2023\/06\/Foto-1pagina-7-300x225.jpg 300w, https:\/\/camaracaxambu.mg.gov.br\/v2\/wp-content\/uploads\/2023\/06\/Foto-1pagina-7-1024x768.jpg 1024w, https:\/\/camaracaxambu.mg.gov.br\/v2\/wp-content\/uploads\/2023\/06\/Foto-1pagina-7-768x576.jpg 768w, https:\/\/camaracaxambu.mg.gov.br\/v2\/wp-content\/uploads\/2023\/06\/Foto-1pagina-7-1536x1152.jpg 1536w, https:\/\/camaracaxambu.mg.gov.br\/v2\/wp-content\/uploads\/2023\/06\/Foto-1pagina-7-80x60.jpg 80w, https:\/\/camaracaxambu.mg.gov.br\/v2\/wp-content\/uploads\/2023\/06\/Foto-1pagina-7-265x198.jpg 265w, https:\/\/camaracaxambu.mg.gov.br\/v2\/wp-content\/uploads\/2023\/06\/Foto-1pagina-7-696x522.jpg 696w, https:\/\/camaracaxambu.mg.gov.br\/v2\/wp-content\/uploads\/2023\/06\/Foto-1pagina-7-1068x801.jpg 1068w, https:\/\/camaracaxambu.mg.gov.br\/v2\/wp-content\/uploads\/2023\/06\/Foto-1pagina-7-560x420.jpg 560w, https:\/\/camaracaxambu.mg.gov.br\/v2\/wp-content\/uploads\/2023\/06\/Foto-1pagina-7.jpg 1600w\" sizes=\"(max-width: 300px) 100vw, 300px\" \/><em>Neide Maciel Siqueira, da Apac<\/em><\/p>\n<p style=\"text-align: justify;\">Para amenizar o sofrimento de pessoas com Transtorno do Espectro Autista (TEA) e dos animais que t\u00eam uma audi\u00e7\u00e3o mais apurada, algumas cidades adotaram a queima de fogos silenciosos. Nesse contexto, a C\u00e2mara Municipal de Caxambu aprovou, no \u00faltimo dia 15 de maio, Projeto de Lei n\u00b0 28\/2023, que disp\u00f5e sobre a proibi\u00e7\u00e3o da fabrica\u00e7\u00e3o, comercializa\u00e7\u00e3o, manuseio, utiliza\u00e7\u00e3o, queima e soltura de fogos de artif\u00edcio de efeito sonoro no munic\u00edpio. Projeto apresentado pela Comiss\u00e3o de Acessibilidade e Inclus\u00e3o, composta pelos vereadores J\u00falio Carlos de Souza Nogueira (J\u00falio da Corneta), Vinicius Hemet\u00e9rio e F\u00e1bio Curi Hauegen.<\/p>\n","protected":false},"excerpt":{"rendered":"<p>Ana Paula e o filho, Lu\u00eds Filipe Lu\u00eds Filipe \u00e9 portador de Transtorno do Espectro Autista (TEA). Ele tem 12 anos e mora em Caxambu. A m\u00e3e do menino, Ana Paula Guimar\u00e3es Paulino, disse que a fam\u00edlia nunca passou um R\u00e9veillon na cidade, buscando sempre a zona rural, porque Lu\u00eds Filipe sofre muito com o [&hellip;]<\/p>\n","protected":false},"author":2,"featured_media":2328,"comment_status":"closed","ping_status":"open","sticky":false,"template":"","format":"standard","meta":[],"categories":[67],"tags":[],"_links":{"self":[{"href":"https:\/\/camaracaxambu.mg.gov.br\/v2\/wp-json\/wp\/v2\/posts\/2327"}],"collection":[{"href":"https:\/\/camaracaxambu.mg.gov.br\/v2\/wp-json\/wp\/v2\/posts"}],"about":[{"href":"https:\/\/camaracaxambu.mg.gov.br\/v2\/wp-json\/wp\/v2\/types\/post"}],"author":[{"embeddable":true,"href":"https:\/\/camaracaxambu.mg.gov.br\/v2\/wp-json\/wp\/v2\/users\/2"}],"replies":[{"embeddable":true,"href":"https:\/\/camaracaxambu.mg.gov.br\/v2\/wp-json\/wp\/v2\/comments?post=2327"}],"version-history":[{"count":1,"href":"https:\/\/camaracaxambu.mg.gov.br\/v2\/wp-json\/wp\/v2\/posts\/2327\/revisions"}],"predecessor-version":[{"id":2330,"href":"https:\/\/camaracaxambu.mg.gov.br\/v2\/wp-json\/wp\/v2\/posts\/2327\/revisions\/2330"}],"wp:featuredmedia":[{"embeddable":true,"href":"https:\/\/camaracaxambu.mg.gov.br\/v2\/wp-json\/wp\/v2\/media\/2328"}],"wp:attachment":[{"href":"https:\/\/camaracaxambu.mg.gov.br\/v2\/wp-json\/wp\/v2\/media?parent=2327"}],"wp:term":[{"taxonomy":"category","embeddable":true,"href":"https:\/\/camaracaxambu.mg.gov.br\/v2\/wp-json\/wp\/v2\/categories?post=2327"},{"taxonomy":"post_tag","embeddable":true,"href":"https:\/\/camaracaxambu.mg.gov.br\/v2\/wp-json\/wp\/v2\/tags?post=2327"}],"curies":[{"name":"wp","href":"https:\/\/api.w.org\/{rel}","templated":true}]}}