{"id":1214,"date":"2020-11-05T01:28:36","date_gmt":"2020-11-05T01:28:36","guid":{"rendered":"https:\/\/camaracaxambu.mg.gov.br\/v2\/?p=1214"},"modified":"2022-03-15T01:29:21","modified_gmt":"2022-03-15T01:29:21","slug":"projetos-aprovados-pela-camara-53","status":"publish","type":"post","link":"https:\/\/camaracaxambu.mg.gov.br\/v2\/projetos-aprovados-pela-camara-53\/","title":{"rendered":"Projetos aprovados pela C\u00e2mara"},"content":{"rendered":"<p><strong>\u00a0\u00a0 \u00a0 \u00a0 \u00a0 \u00a0Projeto de Lei n<sup>o<\/sup>\u00a083\/20<\/strong><\/p>\n<p><strong>\u00a0\u00a0\u00a0\u00a0\u00a0\u00a0\u00a0\u00a0\u00a0 Inclui os artigos 132 \u2013 A; 132 \u2013 B; 132 \u2013 C e 132 \u2013 D, com respectivos incisos e par\u00e1grafos, \u00e0 Lei 462\/70 (C\u00f3digo de Posturas do Munic\u00edpio de Caxambu).\u00a0<\/strong><\/p>\n<p><strong>Art. 1\u00ba<\/strong>. Ficam inclu\u00eddos os artigos 132-A; 132-B; 132-C e 132-D, com respectivos incisos e par\u00e1grafos, \u00e0 Lei 462\/1970 (C\u00f3digo de Posturas do Munic\u00edpio de Caxambu), constando da seguinte reda\u00e7\u00e3o:<\/p>\n<p>\u201c\u2026\u2026\u2026\u2026\u2026\u2026\u2026<\/p>\n<p><strong><em>Art. 132-A<\/em><\/strong><em>\u00a0\u2013 Fica proibido em toda zona urbana de Caxambu o emprego de fogo para fins de limpeza de terrenos, bem como a queima de mato, lixo, entulho, vegeta\u00e7\u00e3o, detritos ou qualquer outro material org\u00e2nico ou inorg\u00e2nico em terrenos particulares ou p\u00fablicos, cal\u00e7adas e vias.\u00a0\u00a0\u00a0\u00a0\u00a0\u00a0\u00a0\u00a0<\/em><\/p>\n<p><em>\u00a0\u00a0\u00a0\u00a0\u00a0\u00a0\u00a0\u00a0\u00a0<strong>Par\u00e1grafo \u00fanico<\/strong>\u00a0\u2013 Enquadra-se tamb\u00e9m na proibi\u00e7\u00e3o desse artigo as queimas de matos, galhos e folhas ca\u00eddas ou resultantes de limpeza de terrenos, podas ou extra\u00e7\u00f5es, al\u00e9m de varri\u00e7\u00e3o de passeios ou vias p\u00fablicas.<\/em><\/p>\n<p><em>\u00a0\u00a0\u00a0\u00a0\u00a0\u00a0\u00a0\u00a0\u00a0<strong>Art. 132-B<\/strong>\u00a0\u2013 A infra\u00e7\u00e3o ao disposto no artigo 132 \u2013 A sujeitar\u00e1 o infrator ao pagamento de multa, al\u00e9m da aplica\u00e7\u00e3o de outras penalidades previstas na legisla\u00e7\u00e3o.<\/em><\/p>\n<p><em>\u00a0\u00a0\u00a0\u00a0\u00a0\u00a0\u00a0\u00a0\u00a0<strong>Par\u00e1grafo \u00fanico\u00a0<\/strong>\u2013 As multas ser\u00e3o definidas de acordo com os seguintes crit\u00e9rios:<\/em><\/p>\n<p><em>\u00a0\u00a0\u00a0\u00a0\u00a0\u00a0\u00a0\u00a0\u00a0<strong>I \u2013<\/strong>\u00a0valor m\u00ednimo de multa, em qualquer caso, 1 (uma) UFM \u2013 Unidade Fiscal do Munic\u00edpio de Caxambu;<\/em><\/p>\n<p><em>\u00a0\u00a0\u00a0\u00a0\u00a0\u00a0\u00a0\u00a0\u00a0<strong>II \u2013\u00a0<\/strong>valor de 01 (uma) UFM \u2013 por metro quadrado de \u00e1rea queimada;<\/em><\/p>\n<p><em>\u00a0\u00a0\u00a0\u00a0\u00a0\u00a0\u00a0\u00a0\u00a0<strong>III \u2013\u00a0<\/strong>valor aplicado em dobro em caso de reincid\u00eancia, se praticada em \u00e1rea p\u00fablica ou em \u00c1rea de Preserva\u00e7\u00e3o Permanente \u2013 APP definida por lei.<\/em><\/p>\n<p><em>\u00a0\u00a0\u00a0\u00a0\u00a0\u00a0\u00a0\u00a0\u00a0<strong>Art. 132-C<\/strong>\u00a0\u2013 Compete \u00e0 fiscaliza\u00e7\u00e3o ambiental, ap\u00f3s registro de ocorr\u00eancia, a aplica\u00e7\u00e3o das penalidades previstas no artigo 132 \u2013 B.<\/em><\/p>\n<p><em>\u00a0\u00a0\u00a0\u00a0\u00a0\u00a0\u00a0\u00a0\u00a0<strong>Par\u00e1grafo \u00danico\u00a0<\/strong>\u2013 O registro de ocorr\u00eancia de queimada feito pela Pol\u00edcia Militar, Pol\u00edcia Militar do Meio Ambiente, Corpo de Bombeiros, fiscaliza\u00e7\u00e3o ambiental, de obras ou de posturas \u00e9 documento h\u00e1bil para imposi\u00e7\u00e3o da multa e constar\u00e1 o nome do infrator, localiza\u00e7\u00e3o e metragem da \u00e1rea queimada.\u00a0\u00a0\u00a0\u00a0\u00a0\u00a0\u00a0<\/em><\/p>\n<p><em>\u00a0\u00a0\u00a0\u00a0\u00a0\u00a0\u00a0\u00a0\u00a0<strong>Art. 132-D<\/strong>\u00a0\u2013 Al\u00e9m das san\u00e7\u00f5es previstas no art. 32 \u2013 B, fica o infrator obrigado a reparar o dano ambiental a que tenha eventualmente dado causa, sob a orienta\u00e7\u00e3o da Secretaria Municipal do Meio Ambiente.<\/em><\/p>\n<p><em>\u00a0\u00a0\u00a0\u00a0\u00a0\u00a0\u00a0\u00a0\u00a0<\/em>O projeto foi aprovado em segunda vota\u00e7\u00e3o, no dia 5 de outubro, por nove votos. Aus\u00eancia justificada da vereadora Jenny Arag\u00e3o (Gica).<\/p>\n<p><strong>Projeto de Lei n<sup>o<\/sup>\u00a084\/20<\/strong><\/p>\n<p><strong>\u00a0\u00a0\u00a0\u00a0\u00a0\u00a0\u00a0\u00a0\u00a0 Autoriza o Poder Executivo a realizar transposi\u00e7\u00e3o entre dota\u00e7\u00f5es do Poder Executivo no or\u00e7amento de 2020.<\/strong><\/p>\n<p>O valor da transposi\u00e7\u00e3o de R$ 29.000,00 ser\u00e1 para refor\u00e7ar dota\u00e7\u00f5es para outros servi\u00e7os de terceiros \u2013 pessoa jur\u00eddica e obras e instala\u00e7\u00f5es da Secretaria de Turismo.<\/p>\n<p>O projeto apresentado pelo Executivo foi aprovado em \u00fanica vota\u00e7\u00e3o, no dia 28 de setembro, por nove votos. Aus\u00eancia justificada da vereadora Jenny Arag\u00e3o (Gica).<\/p>\n<p><strong>Projeto de Lei n<sup>o<\/sup>\u00a085\/20<\/strong><\/p>\n<p><strong>\u00a0\u00a0\u00a0\u00a0\u00a0\u00a0\u00a0\u00a0\u00a0 Autoriza o Poder Executivo a realizar abertura de cr\u00e9dito adicional especial com cria\u00e7\u00e3o de nova fonte de recursos em dota\u00e7\u00f5es or\u00e7ament\u00e1rias.\u00a0\u00a0<\/strong><\/p>\n<p><strong>\u00a0\u00a0\u00a0\u00a0\u00a0\u00a0\u00a0\u00a0\u00a0\u00a0<\/strong>O valor do cr\u00e9dito adicional especial, de R$ 175.534,63, ser\u00e1 necess\u00e1rio para a realiza\u00e7\u00e3o de despesas no cumprimento da Lei Federal Aldir Blanc n<sup>o\u00a0<\/sup>14.017\u00a0 de 29 de junho de 2020 e regulamentada pelo Decreto Federal n<sup>o<\/sup>\u00a010.464 de 19 de agosto de 2020, que disp\u00f5e sobre a\u00e7\u00f5es emergenciais destinadas ao setor cultural.<\/p>\n<p>O projeto apresentado pelo Executivo foi aprovado em \u00fanica vota\u00e7\u00e3o, no dia 28 de setembro, por nove votos. Aus\u00eancia justificada da vereadora Jenny Arag\u00e3o (Gica).<\/p>\n<p><strong>Projeto de Lei n<sup>o<\/sup>\u00a086\/20<\/strong><\/p>\n<p><strong>\u00a0\u00a0\u00a0\u00a0\u00a0\u00a0\u00a0\u00a0\u00a0 Autoriza o Poder Executivo a realizar transposi\u00e7\u00e3o entre dota\u00e7\u00f5es no Or\u00e7amento de 2020, com cria\u00e7\u00e3o de fonte de recursos.<\/strong><\/p>\n<p><strong>\u00a0\u00a0\u00a0\u00a0\u00a0\u00a0\u00a0\u00a0\u00a0\u00a0<\/strong>O valor de R$ 100.000,00 ser\u00e1 necess\u00e1rio para a realiza\u00e7\u00e3o de despesas com outros servi\u00e7os de terceiros \u2013 pessoa jur\u00eddica da Secretaria Municipal de Educa\u00e7\u00e3o, na confec\u00e7\u00e3o, conserto e manuten\u00e7\u00e3o de grades, port\u00f5es, portas dentre outros bens, de acordo com o artigo 70 da Lei n<sup>o<\/sup>\u00a09.394, de 20 de dezembro de 1996.<\/p>\n<p>O projeto apresentado pelo Executivo foi aprovado em \u00fanica vota\u00e7\u00e3o, no dia 28 de setembro, por nove votos. Aus\u00eancia justificada da vereadora Jenny Arag\u00e3o (Gica).<\/p>\n","protected":false},"excerpt":{"rendered":"<p>\u00a0\u00a0 \u00a0 \u00a0 \u00a0 \u00a0Projeto de Lei no\u00a083\/20 \u00a0\u00a0\u00a0\u00a0\u00a0\u00a0\u00a0\u00a0\u00a0 Inclui os artigos 132 \u2013 A; 132 \u2013 B; 132 \u2013 C e 132 \u2013 D, com respectivos incisos e par\u00e1grafos, \u00e0 Lei 462\/70 (C\u00f3digo de Posturas do Munic\u00edpio de Caxambu).\u00a0 Art. 1\u00ba. Ficam inclu\u00eddos os artigos 132-A; 132-B; 132-C e 132-D, com respectivos incisos e [&hellip;]<\/p>\n","protected":false},"author":1,"featured_media":0,"comment_status":"closed","ping_status":"open","sticky":false,"template":"","format":"standard","meta":[],"categories":[38],"tags":[],"_links":{"self":[{"href":"https:\/\/camaracaxambu.mg.gov.br\/v2\/wp-json\/wp\/v2\/posts\/1214"}],"collection":[{"href":"https:\/\/camaracaxambu.mg.gov.br\/v2\/wp-json\/wp\/v2\/posts"}],"about":[{"href":"https:\/\/camaracaxambu.mg.gov.br\/v2\/wp-json\/wp\/v2\/types\/post"}],"author":[{"embeddable":true,"href":"https:\/\/camaracaxambu.mg.gov.br\/v2\/wp-json\/wp\/v2\/users\/1"}],"replies":[{"embeddable":true,"href":"https:\/\/camaracaxambu.mg.gov.br\/v2\/wp-json\/wp\/v2\/comments?post=1214"}],"version-history":[{"count":1,"href":"https:\/\/camaracaxambu.mg.gov.br\/v2\/wp-json\/wp\/v2\/posts\/1214\/revisions"}],"predecessor-version":[{"id":1215,"href":"https:\/\/camaracaxambu.mg.gov.br\/v2\/wp-json\/wp\/v2\/posts\/1214\/revisions\/1215"}],"wp:attachment":[{"href":"https:\/\/camaracaxambu.mg.gov.br\/v2\/wp-json\/wp\/v2\/media?parent=1214"}],"wp:term":[{"taxonomy":"category","embeddable":true,"href":"https:\/\/camaracaxambu.mg.gov.br\/v2\/wp-json\/wp\/v2\/categories?post=1214"},{"taxonomy":"post_tag","embeddable":true,"href":"https:\/\/camaracaxambu.mg.gov.br\/v2\/wp-json\/wp\/v2\/tags?post=1214"}],"curies":[{"name":"wp","href":"https:\/\/api.w.org\/{rel}","templated":true}]}}