{"id":1040,"date":"2020-04-07T01:40:34","date_gmt":"2020-04-07T01:40:34","guid":{"rendered":"https:\/\/camaracaxambu.mg.gov.br\/v2\/?p=1040"},"modified":"2022-03-10T01:41:13","modified_gmt":"2022-03-10T01:41:13","slug":"requerimentos-respondidos-pelo-executivo-41","status":"publish","type":"post","link":"https:\/\/camaracaxambu.mg.gov.br\/v2\/requerimentos-respondidos-pelo-executivo-41\/","title":{"rendered":"Requerimentos respondidos pelo Executivo"},"content":{"rendered":"<p><strong>Vereador Paulo Rodrigues (MDB)<\/strong><\/p>\n<p><strong>\u00a0I<\/strong><strong>lumina\u00e7\u00e3o p\u00fablica<\/strong><\/p>\n<p>\u2013 Solicitou informa\u00e7\u00f5es sobre a ilumina\u00e7\u00e3o p\u00fablica. Indagou de quem \u00e9 atualmente a responsabilidade pelos servi\u00e7os de substitui\u00e7\u00e3o das l\u00e2mpadas (ilumina\u00e7\u00e3o p\u00fablica) nos postes da cidade; se existe alguma liminar judicial em vigor responsabilizando ou isentando o munic\u00edpio para esse tipo de servi\u00e7o; e se em caso da suspens\u00e3o dos efeitos da liminar, o munic\u00edpio det\u00e9m recursos pr\u00f3prios para fazer frente aos servi\u00e7os de ilumina\u00e7\u00e3o p\u00fablica.<\/p>\n<p><em>Executivo: Foi proferida senten\u00e7a, no processo 6853-88.2014.4.01.3809, na 1<sup>a<\/sup>\u00a0Vara da Subse\u00e7\u00e3o de Varginha\/MG, no 1<sup>o<\/sup>\u00a0grau da Justi\u00e7a Federal. O dispositivo da senten\u00e7a determinou, em s\u00edntese, a suspens\u00e3o da Resolu\u00e7\u00e3o 489\/2012 da ANEEL, bem como desobrigou o Munic\u00edpio de Caxambu a receber os referidos ativos.<\/em><\/p>\n<p><em>Portanto, no que diz respeito \u00e0 troca de lumin\u00e1rias, l\u00e2mpadas, reatores, isto \u00e9, de Ativo Imobili\u00e1rio em Servi\u00e7o \u2013 AIS, a responsabilidade pela conserva\u00e7\u00e3o da ilumina\u00e7\u00e3o p\u00fablica, na atual conjuntura, \u00e9 da CEMIG.<\/em><\/p>\n<p><em>Insta salientar que por reiterada vezes o munic\u00edpio requereu que a CEMIG cumpra a obriga\u00e7\u00e3o de fazer, procedendo \u00e0 devida manuten\u00e7\u00e3o da ilumina\u00e7\u00e3o p\u00fablica, por\u00e9m sem \u00eaxito at\u00e9 o momento.<\/em><\/p>\n<p><em>Por fim, uma vez que haja mudan\u00e7a de atendimento em grau recursal, o munic\u00edpio ir\u00e1 destinar verba para prestar o servi\u00e7o supra mencionado, bem com iniciar o tr\u00e2mite de licita\u00e7\u00e3o\/contrata\u00e7\u00e3o para tanto. \u00a0\u00a0\u00a0\u00a0\u00a0<\/em><\/p>\n<p><strong>Vereador Francisco Martins (Kiko \u2013 PSL)<\/strong><\/p>\n<p><strong>Caxambu Velho<\/strong><\/p>\n<p>\u2013 Solicitou informa\u00e7\u00f5es sobre o Centro de Educa\u00e7\u00e3o Infantil do bairro Caxambu Velho. Questionou a data do in\u00edcio das aulas no local; as melhorias que est\u00e3o sendo investidas na escola; e o valor da obra.<\/p>\n<p><em>Executivo: A data prevista para o in\u00edcio das aulas \u00e9 dia 9\/3\/20, pois a data anteriormente estipulada n\u00e3o pode ser cumprida devido aos percal\u00e7os existentes em qualquer reforma que se realize.<\/em><\/p>\n<p><em>As melhorias propostas com esta reforma compreendem: substitui\u00e7\u00e3o do piso das salas de aula, piso da cozinha e da dispensa, assim como a substitui\u00e7\u00e3o de todo o encanamento da pia, piso do refeit\u00f3rio e da \u00e1rea de servi\u00e7o, restaura\u00e7\u00e3o das paredes com umidade, pintura e restaura\u00e7\u00e3o dos quadros das salas de aula, troca de fia\u00e7\u00e3o deteriorada pelo tempo, pintura interna e externa da institui\u00e7\u00e3o e substitui\u00e7\u00e3o de telhas quebradas no telhado.<\/em><\/p>\n<p><em>O valor or\u00e7ado para a obra foi de R$ 60.000,00, sendo estes recursos pr\u00f3prios. \u00a0<\/em><\/p>\n<p><strong>Vereador\u00a0<\/strong><strong>M\u00e1rio Alves (MDB)<\/strong><\/p>\n<p><strong>Policl\u00ednica<\/strong><\/p>\n<p>\u2013 Solicitou informa\u00e7\u00f5es sobre o atendimento m\u00e9dico na Policl\u00ednica. Questionou como \u00e9 feita a substitui\u00e7\u00e3o de m\u00e9dico ou profissional de determinada especialidade em raz\u00e3o de aus\u00eancias no servi\u00e7o por f\u00e9rias, licen\u00e7as ou afastamentos.<\/p>\n<p><em>Executivo:<\/em>\u00a0<em>Temos a informar que n\u00e3o \u00e9 procedida a substitui\u00e7\u00e3o dos profissionais supracitados nos casos mencionados, tendo em vista o disposto na legisla\u00e7\u00e3o municipal.<\/em><\/p>\n<p><em>Doutra feita, a Lei n<sup>o\u00a0<\/sup>2.629 que trata da Contrata\u00e7\u00e3o por tempo determinado para atender a necessidade tempor\u00e1ria de excepcional interesse p\u00fablico, tamb\u00e9m aprovada\u00a0 pelos nobres edis em 17\/12\/19, traz como necessidade tempor\u00e1ria somente a assist\u00eancia a situa\u00e7\u00f5es de calamidade p\u00fablica; assist\u00eancia a emerg\u00eancias em sa\u00fade p\u00fablica e outras situa\u00e7\u00f5es decorrentes de necessidades transit\u00f3rias e de excepcional interesse p\u00fablico, que vierem a ser reconhecidas atrav\u00e9s de leis espec\u00edficas. Ou seja, n\u00e3o h\u00e1 no ordenamento jur\u00eddico municipal qualquer regramento autorizando a contrata\u00e7\u00e3o tempor\u00e1ria para substitui\u00e7\u00e3o de profissionais que ocupem cargo de provimento efetivo nos per\u00edodos de f\u00e9rias, licen\u00e7as ou afastamentos. \u00a0<\/em><\/p>\n","protected":false},"excerpt":{"rendered":"<p>Vereador Paulo Rodrigues (MDB) \u00a0Ilumina\u00e7\u00e3o p\u00fablica \u2013 Solicitou informa\u00e7\u00f5es sobre a ilumina\u00e7\u00e3o p\u00fablica. Indagou de quem \u00e9 atualmente a responsabilidade pelos servi\u00e7os de substitui\u00e7\u00e3o das l\u00e2mpadas (ilumina\u00e7\u00e3o p\u00fablica) nos postes da cidade; se existe alguma liminar judicial em vigor responsabilizando ou isentando o munic\u00edpio para esse tipo de servi\u00e7o; e se em caso da suspens\u00e3o [&hellip;]<\/p>\n","protected":false},"author":1,"featured_media":0,"comment_status":"closed","ping_status":"open","sticky":false,"template":"","format":"standard","meta":[],"categories":[61,63,64,44],"tags":[],"_links":{"self":[{"href":"https:\/\/camaracaxambu.mg.gov.br\/v2\/wp-json\/wp\/v2\/posts\/1040"}],"collection":[{"href":"https:\/\/camaracaxambu.mg.gov.br\/v2\/wp-json\/wp\/v2\/posts"}],"about":[{"href":"https:\/\/camaracaxambu.mg.gov.br\/v2\/wp-json\/wp\/v2\/types\/post"}],"author":[{"embeddable":true,"href":"https:\/\/camaracaxambu.mg.gov.br\/v2\/wp-json\/wp\/v2\/users\/1"}],"replies":[{"embeddable":true,"href":"https:\/\/camaracaxambu.mg.gov.br\/v2\/wp-json\/wp\/v2\/comments?post=1040"}],"version-history":[{"count":2,"href":"https:\/\/camaracaxambu.mg.gov.br\/v2\/wp-json\/wp\/v2\/posts\/1040\/revisions"}],"predecessor-version":[{"id":1042,"href":"https:\/\/camaracaxambu.mg.gov.br\/v2\/wp-json\/wp\/v2\/posts\/1040\/revisions\/1042"}],"wp:attachment":[{"href":"https:\/\/camaracaxambu.mg.gov.br\/v2\/wp-json\/wp\/v2\/media?parent=1040"}],"wp:term":[{"taxonomy":"category","embeddable":true,"href":"https:\/\/camaracaxambu.mg.gov.br\/v2\/wp-json\/wp\/v2\/categories?post=1040"},{"taxonomy":"post_tag","embeddable":true,"href":"https:\/\/camaracaxambu.mg.gov.br\/v2\/wp-json\/wp\/v2\/tags?post=1040"}],"curies":[{"name":"wp","href":"https:\/\/api.w.org\/{rel}","templated":true}]}}